{"id":12475,"date":"2016-12-30T11:32:58","date_gmt":"2016-12-30T10:32:58","guid":{"rendered":"http:\/\/www.pickandtaste.pl\/blog\/?p=12475"},"modified":"2017-08-23T10:34:48","modified_gmt":"2017-08-23T08:34:48","slug":"swieto-wina-ktorego-nie-ma","status":"publish","type":"post","link":"https:\/\/www.pickandtaste.pl\/blog\/swieto-wina-ktorego-nie-ma\/","title":{"rendered":"\u015awi\u0119to wina, kt\u00f3rego nie ma w Zielonej G\u00f3rze"},"content":{"rendered":"<p>Tak si\u0119 z\u0142o\u017cy\u0142o, \u017ce mia\u0142em okazj\u0119 by\u0107 w <strong>Zielonej G\u00f3rze podczas \u015awi\u0119ta Wina<\/strong> \u2013 imprezy bardzo szeroko reklamowanej w mediach z bogatymi tradycjami. Przewiduj\u0105c, \u017ce mo\u017ce by\u0107 z tego naprawd\u0119 niez\u0142y festiwal i wiele polskich win do spr\u00f3bowania postanowi\u0142em od razu poszuka\u0107 noclegu aby nie musie\u0107 wypluwa\u0107 tego boskiego trunku. Okaza\u0142o si\u0119 jednak, \u017ce pojawi\u0142 problem\u2026 i to bardzo du\u017cy. W ca\u0142ej Zielonej G\u00f3rze nie by\u0142o miejsc noclegowych. W informacji dowiedzia\u0142em si\u0119, \u017ce wszystko zosta\u0142o w styczniu zarezerwowane!!! Oraz, \u017ce tury\u015bci nawet z Australii i Japonii specjalnie do nas w te dni przyje\u017cd\u017caj\u0105. Niesamowite \u2013 pomy\u015bla\u0142em sobie \u2013 jak bardzo jest to popularne \u015bwi\u0119to i dlaczego mnie tu wcze\u015bniej nie by\u0142o.<\/p>\n<p>Ja ju\u017c wiem dlaczego. By\u0142em tu po raz pierwszy i p\u00f3ki co ostatni. Nie zwalam winy na pogod\u0119, o nie! Jak jest dobre wino to i deszcz cz\u0142owiekowi nie przeszkadza. No w\u0142a\u015bnie, ale gdzie to wino??? Nie tak to sobie wyobra\u017ca\u0142em. Pierwsze co si\u0119 rzuca w oczy to masa stragan\u00f3w z rupieciami i odpustowymi zabawkami. Drugie co si\u0119 rzuca ju\u017c nie w oczy tylko w nozdrza to unosz\u0105ce si\u0119 wsz\u0119dzie zapachy kie\u0142bas z grilla, kaszanek, kebab\u00f3w i innych wynalazk\u00f3w. Ale gdzie jest do cholery wino??? Ooo, jest \u2013 lec\u0119 do rozstawionej budki z brezentu. Ale zaraz, co to ma by\u0107? Karton taniego malbeca z Argentyny, w\u0142o\u017cony do beczu\u0142ki i polewany do wstr\u0119tnych, ma\u0142ych plastykowych kubeczk\u00f3w? Id\u0119 dalej i nic.<\/p>\n<p>Po prostu nic. \u017badnego wina. Nic nie mo\u017cna spr\u00f3bowa\u0107. Nic nie mo\u017cna kupi\u0107. To jaka\u015b kpina. I to ma by\u0107 nasze najwi\u0119ksze \u015bwi\u0119to winiarskie w Polsce? To jest zwyk\u0142y festyn i nic wi\u0119cej. Id\u0119 sobie nala\u0107 kieliszek porz\u0105dnego rieslinga od Krojciga na uspokojenie nerw\u00f3w \ud83d\ude09<\/p>\n<!-- Begin Yuzo --><div class='yuzo_related_post style-1'  data-version='5.12.73'><!-- without result --><div class='yuzo_clearfixed yuzo__title yuzo__title'><h3>Podobne wpisy<\/h3><\/div>\n\t\t\t\t\t\t  <div class=\"relatedthumb \" style=\"width:165px;float:left;overflow:hidden;\">  \n\t\t\t\t\t\t\t  \n\t\t\t\t\t\t\t  <a  href=\"https:\/\/www.pickandtaste.pl\/blog\/tym-razem-zima-nie-zlitowala-sie-nad-polskimi-winiarzami\/\"  >\n\t\t\t\t\t\t\t\t\t  <div class=\"yuzo-img-wrap \" style=\"width: 165px;height:130px;\">\n\t\t\t\t\t\t\t\t\t\t\n\t\t\t\t\t\t\t\t\t\t<div class=\"yuzo-img\" style=\"background:url('https:\/\/www.pickandtaste.pl\/blog\/wp-content\/uploads\/2017\/08\/Tym-razem-zima-nie-zlitowa\u0142a-si\u0119-nad-Polskimi-winiarzami-150x150.jpg') 50% 50% no-repeat;width: 165px;height:130px;margin-bottom: 5px;background-size: contain; \"><\/div>\n\t\t\t\t\t\t\t\t\t  <\/div>\n\t\t\t\t\t\t\t\t\t  \n\t\t\t\t\t\t\t\t   <span class=\"yuzo__text--title\" style=\"font-size:13px;\">Tym razem zima nie zlitowa\u0142a si\u0119 nad Polskimi wini...<\/span>\n\t\t\t\t\t\t\t  \n\t\t\t\t\t\t\t  \n\t\t\t\t\t\t\t  <\/a>\n\n\t\t\t\t\t\t  <\/div>\n\t\t\t\t\t\t  <div class=\"relatedthumb \" style=\"width:165px;float:left;overflow:hidden;\">  \n\t\t\t\t\t\t\t  \n\t\t\t\t\t\t\t  <a  href=\"https:\/\/www.pickandtaste.pl\/blog\/przepraszam-za-korek\/\"  >\n\t\t\t\t\t\t\t\t\t  <div class=\"yuzo-img-wrap \" style=\"width: 165px;height:130px;\">\n\t\t\t\t\t\t\t\t\t\t\n\t\t\t\t\t\t\t\t\t\t<div class=\"yuzo-img\" style=\"background:url('https:\/\/www.pickandtaste.pl\/blog\/wp-content\/uploads\/2017\/08\/otwieranie-wina-wiertarka-150x150.png') 50% 50% no-repeat;width: 165px;height:130px;margin-bottom: 5px;background-size: contain; \"><\/div>\n\t\t\t\t\t\t\t\t\t  <\/div>\n\t\t\t\t\t\t\t\t\t  \n\t\t\t\t\t\t\t\t   <span class=\"yuzo__text--title\" style=\"font-size:13px;\">Przepraszam za korek<\/span>\n\t\t\t\t\t\t\t  \n\t\t\t\t\t\t\t  \n\t\t\t\t\t\t\t  <\/a>\n\n\t\t\t\t\t\t  <\/div>\n\t\t\t\t\t\t  <div class=\"relatedthumb \" style=\"width:165px;float:left;overflow:hidden;\">  \n\t\t\t\t\t\t\t  \n\t\t\t\t\t\t\t  <a  href=\"https:\/\/www.pickandtaste.pl\/blog\/kwasollo-2010\/\"  >\n\t\t\t\t\t\t\t\t\t  <div class=\"yuzo-img-wrap \" style=\"width: 165px;height:130px;\">\n\t\t\t\t\t\t\t\t\t\t\n\t\t\t\t\t\t\t\t\t\t<div class=\"yuzo-img\" style=\"background:url('https:\/\/www.pickandtaste.pl\/blog\/wp-content\/uploads\/2017\/08\/beaujolais-villages-nouveau-2010-150x150.jpg') 50% 50% no-repeat;width: 165px;height:130px;margin-bottom: 5px;background-size: contain; \"><\/div>\n\t\t\t\t\t\t\t\t\t  <\/div>\n\t\t\t\t\t\t\t\t\t  \n\t\t\t\t\t\t\t\t   <span class=\"yuzo__text--title\" style=\"font-size:13px;\">Kwasollo 2010<\/span>\n\t\t\t\t\t\t\t  \n\t\t\t\t\t\t\t  \n\t\t\t\t\t\t\t  <\/a>\n\n\t\t\t\t\t\t  <\/div>\n<\/div> <style>\n\t\t\t\t\t\t\t\t.yuzo_related_post img{width:160px !important; height:150px !important;}\n\t\t\t\t\t\t\t\t.yuzo_related_post .relatedthumb{line-height:15px;background: !important;color:!important;}\n\t\t\t\t\t\t\t\t.yuzo_related_post .relatedthumb:hover{background:#fcfcf4 !important; -webkit-transition: background 0.2s linear; -moz-transition: background 0.2s linear; -o-transition: background 0.2s linear; transition: background 0.2s linear;;color:!important;}\n\t\t\t\t\t\t\t\t.yuzo_related_post .relatedthumb a{color:!important;}\n\t\t\t\t\t\t\t\t.yuzo_related_post .relatedthumb a:hover{ color:}!important;}\n\t\t\t\t\t\t\t\t.yuzo_related_post .relatedthumb:hover a{ color:!important;}\n\t\t\t\t\t\t\t\t.yuzo_related_post .yuzo_text {color:!important;}\n\t\t\t\t\t\t\t\t.yuzo_related_post .relatedthumb:hover .yuzo_text {color:!important;}\n\t\t\t\t\t\t\t\t.yuzo_related_post .relatedthumb{  margin: 0px  0px  0px  0px;   padding: 5px  5px  5px  5px;  }\n\t\t\t\t\t\t\t\t\n\t\t\t\t\t\t\t\t<\/style> <script>\n\t\t\t\t\t\t  jQuery(document).ready(function( $ ){\n\t\t\t\t\t\t\t\/\/jQuery('.yuzo_related_post').equalizer({ overflow : 'relatedthumb' });\n\t\t\t\t\t\t\tjQuery('.yuzo_related_post .yuzo_wraps').equalizer({ columns : '> div' });\n\t\t\t\t\t\t   })\n\t\t\t\t\t\t  <\/script> <!-- End Yuzo :) -->","protected":false},"excerpt":{"rendered":"<p>Tak si\u0119 z\u0142o\u017cy\u0142o, \u017ce mia\u0142em okazj\u0119 by\u0107 w Zielonej G\u00f3rze podczas \u015awi\u0119ta Wina \u2013 imprezy bardzo szeroko reklamowanej w mediach z bogatymi tradycjami. Przewiduj\u0105c, \u017ce mo\u017ce by\u0107 z tego naprawd\u0119 niez\u0142y festiwal i wiele polskich win do spr\u00f3bowania postanowi\u0142em od razu poszuka\u0107 noclegu aby nie musie\u0107 wypluwa\u0107 tego boskiego trunku. Okaza\u0142o si\u0119 jednak, \u017ce pojawi\u0142&#8230;<\/p>\n","protected":false},"author":1,"featured_media":12476,"comment_status":"open","ping_status":"open","sticky":false,"template":"","format":"standard","meta":{"footnotes":""},"categories":[16],"tags":[],"class_list":["post-12475","post","type-post","status-publish","format-standard","has-post-thumbnail","hentry","category-wina"],"yoast_head":"<!-- This site is optimized with the Yoast SEO plugin v25.5 - https:\/\/yoast.com\/wordpress\/plugins\/seo\/ -->\n<title>\u015awi\u0119to wina, kt\u00f3rego nie ma w Zielonej G\u00f3rze - Pick and Taste<\/title>\n<meta name=\"robots\" content=\"index, follow, max-snippet:-1, max-image-preview:large, max-video-preview:-1\" \/>\n<link rel=\"canonical\" href=\"https:\/\/www.pickandtaste.pl\/blog\/swieto-wina-ktorego-nie-ma\/\" \/>\n<meta property=\"og:locale\" content=\"pl_PL\" \/>\n<meta property=\"og:type\" content=\"article\" \/>\n<meta property=\"og:title\" content=\"\u015awi\u0119to wina, kt\u00f3rego nie ma w Zielonej G\u00f3rze - Pick and Taste\" \/>\n<meta property=\"og:description\" content=\"Tak si\u0119 z\u0142o\u017cy\u0142o, \u017ce mia\u0142em okazj\u0119 by\u0107 w Zielonej G\u00f3rze podczas \u015awi\u0119ta Wina \u2013 imprezy bardzo szeroko reklamowanej w mediach z bogatymi tradycjami. Przewiduj\u0105c, \u017ce mo\u017ce by\u0107 z tego naprawd\u0119 niez\u0142y festiwal i wiele polskich win do spr\u00f3bowania postanowi\u0142em od razu poszuka\u0107 noclegu aby nie musie\u0107 wypluwa\u0107 tego boskiego trunku. Okaza\u0142o si\u0119 jednak, \u017ce pojawi\u0142...\" \/>\n<meta property=\"og:url\" content=\"https:\/\/www.pickandtaste.pl\/blog\/swieto-wina-ktorego-nie-ma\/\" \/>\n<meta property=\"og:site_name\" content=\"Pick and Taste\" \/>\n<meta property=\"article:published_time\" content=\"2016-12-30T10:32:58+00:00\" \/>\n<meta property=\"article:modified_time\" content=\"2017-08-23T08:34:48+00:00\" \/>\n<meta property=\"og:image\" content=\"https:\/\/www.pickandtaste.pl\/blog\/wp-content\/uploads\/2017\/08\/winobranie_baner.jpg\" \/>\n\t<meta property=\"og:image:width\" content=\"1000\" \/>\n\t<meta property=\"og:image:height\" content=\"400\" \/>\n\t<meta property=\"og:image:type\" content=\"image\/jpeg\" \/>\n<meta name=\"author\" content=\"admin\" \/>\n<meta name=\"twitter:card\" content=\"summary_large_image\" \/>\n<meta name=\"twitter:label1\" content=\"Napisane przez\" \/>\n\t<meta name=\"twitter:data1\" content=\"admin\" \/>\n\t<meta name=\"twitter:label2\" content=\"Szacowany czas czytania\" \/>\n\t<meta name=\"twitter:data2\" content=\"2 minuty\" \/>\n<script type=\"application\/ld+json\" class=\"yoast-schema-graph\">{\"@context\":\"https:\/\/schema.org\",\"@graph\":[{\"@type\":\"WebPage\",\"@id\":\"https:\/\/www.pickandtaste.pl\/blog\/swieto-wina-ktorego-nie-ma\/\",\"url\":\"https:\/\/www.pickandtaste.pl\/blog\/swieto-wina-ktorego-nie-ma\/\",\"name\":\"\u015awi\u0119to wina, kt\u00f3rego nie ma w Zielonej G\u00f3rze - Pick and Taste\",\"isPartOf\":{\"@id\":\"https:\/\/www.pickandtaste.pl\/blog\/#website\"},\"primaryImageOfPage\":{\"@id\":\"https:\/\/www.pickandtaste.pl\/blog\/swieto-wina-ktorego-nie-ma\/#primaryimage\"},\"image\":{\"@id\":\"https:\/\/www.pickandtaste.pl\/blog\/swieto-wina-ktorego-nie-ma\/#primaryimage\"},\"thumbnailUrl\":\"https:\/\/www.pickandtaste.pl\/blog\/wp-content\/uploads\/2017\/08\/winobranie_baner.jpg\",\"datePublished\":\"2016-12-30T10:32:58+00:00\",\"dateModified\":\"2017-08-23T08:34:48+00:00\",\"author\":{\"@id\":\"https:\/\/www.pickandtaste.pl\/blog\/#\/schema\/person\/28d6dded400f827d39b217117e79229d\"},\"breadcrumb\":{\"@id\":\"https:\/\/www.pickandtaste.pl\/blog\/swieto-wina-ktorego-nie-ma\/#breadcrumb\"},\"inLanguage\":\"pl-PL\",\"potentialAction\":[{\"@type\":\"ReadAction\",\"target\":[\"https:\/\/www.pickandtaste.pl\/blog\/swieto-wina-ktorego-nie-ma\/\"]}]},{\"@type\":\"ImageObject\",\"inLanguage\":\"pl-PL\",\"@id\":\"https:\/\/www.pickandtaste.pl\/blog\/swieto-wina-ktorego-nie-ma\/#primaryimage\",\"url\":\"https:\/\/www.pickandtaste.pl\/blog\/wp-content\/uploads\/2017\/08\/winobranie_baner.jpg\",\"contentUrl\":\"https:\/\/www.pickandtaste.pl\/blog\/wp-content\/uploads\/2017\/08\/winobranie_baner.jpg\",\"width\":1000,\"height\":400},{\"@type\":\"BreadcrumbList\",\"@id\":\"https:\/\/www.pickandtaste.pl\/blog\/swieto-wina-ktorego-nie-ma\/#breadcrumb\",\"itemListElement\":[{\"@type\":\"ListItem\",\"position\":1,\"name\":\"pickandtaste.pl\",\"item\":\"https:\/\/www.pickandtaste.pl\/\"},{\"@type\":\"ListItem\",\"position\":2,\"name\":\"BLOG\",\"item\":\"https:\/\/www.pickandtaste.pl\/blog\/\"},{\"@type\":\"ListItem\",\"position\":3,\"name\":\"Wina\",\"item\":\"https:\/\/www.pickandtaste.pl\/blog\/category\/wina\/\"},{\"@type\":\"ListItem\",\"position\":4,\"name\":\"\u015awi\u0119to wina, kt\u00f3rego nie ma w Zielonej G\u00f3rze\"}]},{\"@type\":\"WebSite\",\"@id\":\"https:\/\/www.pickandtaste.pl\/blog\/#website\",\"url\":\"https:\/\/www.pickandtaste.pl\/blog\/\",\"name\":\"Pick and Taste\",\"description\":\"Degustacje whisky, wina, cygar, single malt, whiskey. Degustacja alkoholi\",\"potentialAction\":[{\"@type\":\"SearchAction\",\"target\":{\"@type\":\"EntryPoint\",\"urlTemplate\":\"https:\/\/www.pickandtaste.pl\/blog\/?s={search_term_string}\"},\"query-input\":{\"@type\":\"PropertyValueSpecification\",\"valueRequired\":true,\"valueName\":\"search_term_string\"}}],\"inLanguage\":\"pl-PL\"},{\"@type\":\"Person\",\"@id\":\"https:\/\/www.pickandtaste.pl\/blog\/#\/schema\/person\/28d6dded400f827d39b217117e79229d\",\"name\":\"admin\",\"image\":{\"@type\":\"ImageObject\",\"inLanguage\":\"pl-PL\",\"@id\":\"https:\/\/www.pickandtaste.pl\/blog\/#\/schema\/person\/image\/\",\"url\":\"https:\/\/secure.gravatar.com\/avatar\/b269924492df2fc49c146d717828dc5b8a60a7812abced67cef90d5fe2c5986c?s=96&d=mm&r=g\",\"contentUrl\":\"https:\/\/secure.gravatar.com\/avatar\/b269924492df2fc49c146d717828dc5b8a60a7812abced67cef90d5fe2c5986c?s=96&d=mm&r=g\",\"caption\":\"admin\"},\"url\":\"https:\/\/www.pickandtaste.pl\/blog\/author\/admin\/\"}]}<\/script>\n<!-- \/ Yoast SEO plugin. -->","yoast_head_json":{"title":"\u015awi\u0119to wina, kt\u00f3rego nie ma w Zielonej G\u00f3rze - Pick and Taste","robots":{"index":"index","follow":"follow","max-snippet":"max-snippet:-1","max-image-preview":"max-image-preview:large","max-video-preview":"max-video-preview:-1"},"canonical":"https:\/\/www.pickandtaste.pl\/blog\/swieto-wina-ktorego-nie-ma\/","og_locale":"pl_PL","og_type":"article","og_title":"\u015awi\u0119to wina, kt\u00f3rego nie ma w Zielonej G\u00f3rze - Pick and Taste","og_description":"Tak si\u0119 z\u0142o\u017cy\u0142o, \u017ce mia\u0142em okazj\u0119 by\u0107 w Zielonej G\u00f3rze podczas \u015awi\u0119ta Wina \u2013 imprezy bardzo szeroko reklamowanej w mediach z bogatymi tradycjami. Przewiduj\u0105c, \u017ce mo\u017ce by\u0107 z tego naprawd\u0119 niez\u0142y festiwal i wiele polskich win do spr\u00f3bowania postanowi\u0142em od razu poszuka\u0107 noclegu aby nie musie\u0107 wypluwa\u0107 tego boskiego trunku. Okaza\u0142o si\u0119 jednak, \u017ce pojawi\u0142...","og_url":"https:\/\/www.pickandtaste.pl\/blog\/swieto-wina-ktorego-nie-ma\/","og_site_name":"Pick and Taste","article_published_time":"2016-12-30T10:32:58+00:00","article_modified_time":"2017-08-23T08:34:48+00:00","og_image":[{"width":1000,"height":400,"url":"https:\/\/www.pickandtaste.pl\/blog\/wp-content\/uploads\/2017\/08\/winobranie_baner.jpg","type":"image\/jpeg"}],"author":"admin","twitter_card":"summary_large_image","twitter_misc":{"Napisane przez":"admin","Szacowany czas czytania":"2 minuty"},"schema":{"@context":"https:\/\/schema.org","@graph":[{"@type":"WebPage","@id":"https:\/\/www.pickandtaste.pl\/blog\/swieto-wina-ktorego-nie-ma\/","url":"https:\/\/www.pickandtaste.pl\/blog\/swieto-wina-ktorego-nie-ma\/","name":"\u015awi\u0119to wina, kt\u00f3rego nie ma w Zielonej G\u00f3rze - Pick and Taste","isPartOf":{"@id":"https:\/\/www.pickandtaste.pl\/blog\/#website"},"primaryImageOfPage":{"@id":"https:\/\/www.pickandtaste.pl\/blog\/swieto-wina-ktorego-nie-ma\/#primaryimage"},"image":{"@id":"https:\/\/www.pickandtaste.pl\/blog\/swieto-wina-ktorego-nie-ma\/#primaryimage"},"thumbnailUrl":"https:\/\/www.pickandtaste.pl\/blog\/wp-content\/uploads\/2017\/08\/winobranie_baner.jpg","datePublished":"2016-12-30T10:32:58+00:00","dateModified":"2017-08-23T08:34:48+00:00","author":{"@id":"https:\/\/www.pickandtaste.pl\/blog\/#\/schema\/person\/28d6dded400f827d39b217117e79229d"},"breadcrumb":{"@id":"https:\/\/www.pickandtaste.pl\/blog\/swieto-wina-ktorego-nie-ma\/#breadcrumb"},"inLanguage":"pl-PL","potentialAction":[{"@type":"ReadAction","target":["https:\/\/www.pickandtaste.pl\/blog\/swieto-wina-ktorego-nie-ma\/"]}]},{"@type":"ImageObject","inLanguage":"pl-PL","@id":"https:\/\/www.pickandtaste.pl\/blog\/swieto-wina-ktorego-nie-ma\/#primaryimage","url":"https:\/\/www.pickandtaste.pl\/blog\/wp-content\/uploads\/2017\/08\/winobranie_baner.jpg","contentUrl":"https:\/\/www.pickandtaste.pl\/blog\/wp-content\/uploads\/2017\/08\/winobranie_baner.jpg","width":1000,"height":400},{"@type":"BreadcrumbList","@id":"https:\/\/www.pickandtaste.pl\/blog\/swieto-wina-ktorego-nie-ma\/#breadcrumb","itemListElement":[{"@type":"ListItem","position":1,"name":"pickandtaste.pl","item":"https:\/\/www.pickandtaste.pl\/"},{"@type":"ListItem","position":2,"name":"BLOG","item":"https:\/\/www.pickandtaste.pl\/blog\/"},{"@type":"ListItem","position":3,"name":"Wina","item":"https:\/\/www.pickandtaste.pl\/blog\/category\/wina\/"},{"@type":"ListItem","position":4,"name":"\u015awi\u0119to wina, kt\u00f3rego nie ma w Zielonej G\u00f3rze"}]},{"@type":"WebSite","@id":"https:\/\/www.pickandtaste.pl\/blog\/#website","url":"https:\/\/www.pickandtaste.pl\/blog\/","name":"Pick and Taste","description":"Degustacje whisky, wina, cygar, single malt, whiskey. Degustacja alkoholi","potentialAction":[{"@type":"SearchAction","target":{"@type":"EntryPoint","urlTemplate":"https:\/\/www.pickandtaste.pl\/blog\/?s={search_term_string}"},"query-input":{"@type":"PropertyValueSpecification","valueRequired":true,"valueName":"search_term_string"}}],"inLanguage":"pl-PL"},{"@type":"Person","@id":"https:\/\/www.pickandtaste.pl\/blog\/#\/schema\/person\/28d6dded400f827d39b217117e79229d","name":"admin","image":{"@type":"ImageObject","inLanguage":"pl-PL","@id":"https:\/\/www.pickandtaste.pl\/blog\/#\/schema\/person\/image\/","url":"https:\/\/secure.gravatar.com\/avatar\/b269924492df2fc49c146d717828dc5b8a60a7812abced67cef90d5fe2c5986c?s=96&d=mm&r=g","contentUrl":"https:\/\/secure.gravatar.com\/avatar\/b269924492df2fc49c146d717828dc5b8a60a7812abced67cef90d5fe2c5986c?s=96&d=mm&r=g","caption":"admin"},"url":"https:\/\/www.pickandtaste.pl\/blog\/author\/admin\/"}]}},"_links":{"self":[{"href":"https:\/\/www.pickandtaste.pl\/blog\/wp-json\/wp\/v2\/posts\/12475","targetHints":{"allow":["GET"]}}],"collection":[{"href":"https:\/\/www.pickandtaste.pl\/blog\/wp-json\/wp\/v2\/posts"}],"about":[{"href":"https:\/\/www.pickandtaste.pl\/blog\/wp-json\/wp\/v2\/types\/post"}],"author":[{"embeddable":true,"href":"https:\/\/www.pickandtaste.pl\/blog\/wp-json\/wp\/v2\/users\/1"}],"replies":[{"embeddable":true,"href":"https:\/\/www.pickandtaste.pl\/blog\/wp-json\/wp\/v2\/comments?post=12475"}],"version-history":[{"count":3,"href":"https:\/\/www.pickandtaste.pl\/blog\/wp-json\/wp\/v2\/posts\/12475\/revisions"}],"predecessor-version":[{"id":12480,"href":"https:\/\/www.pickandtaste.pl\/blog\/wp-json\/wp\/v2\/posts\/12475\/revisions\/12480"}],"wp:featuredmedia":[{"embeddable":true,"href":"https:\/\/www.pickandtaste.pl\/blog\/wp-json\/wp\/v2\/media\/12476"}],"wp:attachment":[{"href":"https:\/\/www.pickandtaste.pl\/blog\/wp-json\/wp\/v2\/media?parent=12475"}],"wp:term":[{"taxonomy":"category","embeddable":true,"href":"https:\/\/www.pickandtaste.pl\/blog\/wp-json\/wp\/v2\/categories?post=12475"},{"taxonomy":"post_tag","embeddable":true,"href":"https:\/\/www.pickandtaste.pl\/blog\/wp-json\/wp\/v2\/tags?post=12475"}],"curies":[{"name":"wp","href":"https:\/\/api.w.org\/{rel}","templated":true}]}}